{"id":9408,"date":"2025-09-03T13:27:54","date_gmt":"2025-09-03T13:27:54","guid":{"rendered":"https:\/\/bd.karachifurniture.com\/?p=9408"},"modified":"2026-01-05T10:45:16","modified_gmt":"2026-01-05T10:45:16","slug":"the-advantages-of-employing-retirees-a-new-paradigm","status":"publish","type":"post","link":"https:\/\/yakajobs.com\/fr\/the-advantages-of-employing-retirees-a-new-paradigm\/","title":{"rendered":"Les avantages de l'emploi des retrait\u00e9s - un nouveau paradigme"},"content":{"rendered":"<p><strong>Beaucoup de changements dans le monde !<\/strong><\/p>\n\n\n\n<p><br><br>De nombreux pays ont entrepris d'importantes r\u00e9formes de leur l\u00e9gislation du travail, notamment en ce qui concerne l'emploi des retrait\u00e9s. Ces changements marquent un tournant dans la mani\u00e8re dont la soci\u00e9t\u00e9 per\u00e7oit le travail apr\u00e8s la retraite et ouvrent de nouvelles perspectives pour les travailleurs retrait\u00e9s comme pour les employeurs.<\/p>\n\n\n\n<p><br><br>L'un des principaux changements apport\u00e9s par la nouvelle l\u00e9gislation concerne les anciennes restrictions au travail des retrait\u00e9s. Auparavant, les retrait\u00e9s \u00e9taient soumis \u00e0 des limites de revenus strictes s'ils souhaitaient continuer \u00e0 travailler tout en percevant leur pension de retraite. Toutefois, ces restrictions ont \u00e9t\u00e9 assouplies, ce qui donne aux retrait\u00e9s une plus grande flexibilit\u00e9 pour continuer \u00e0 travailler sans craindre une r\u00e9duction drastique de leurs prestations de retraite.<\/p>\n\n\n\n<p><br><br>Les retrait\u00e9s peuvent d\u00e9sormais percevoir des revenus d'une activit\u00e9 professionnelle sans que cela ait un impact significatif sur leur pension. L'objectif de cette mesure est de favoriser le maintien dans l'emploi des personnes \u00e2g\u00e9es, en reconnaissant leur valeur et leur expertise sur le march\u00e9 du travail.<\/p>\n\n\n\n<p><br><br><strong>Les avantages pour les entreprises et la soci\u00e9t\u00e9 sont consid\u00e9rables !<\/strong><\/p>\n\n\n\n<p><br><br>L'ouverture du march\u00e9 du travail aux retrait\u00e9s pr\u00e9sente de nombreux avantages pour les entreprises et la soci\u00e9t\u00e9 dans son ensemble. Tout d'abord, les entreprises peuvent b\u00e9n\u00e9ficier de l'exp\u00e9rience et des comp\u00e9tences des travailleurs retrait\u00e9s, ce qui peut contribuer \u00e0 am\u00e9liorer la productivit\u00e9 et l'efficacit\u00e9. Les retrait\u00e9s apportent souvent une perspective et une expertise uniques dans leur domaine, ce qui peut \u00eatre extr\u00eamement pr\u00e9cieux pour les entreprises.<\/p>\n\n\n\n<p><br><br>En outre, l'emploi de retrait\u00e9s peut contribuer \u00e0 pallier les p\u00e9nuries de main-d'\u0153uvre dans certains secteurs. Avec le vieillissement de la population et le d\u00e9part \u00e0 la retraite d'un grand nombre de travailleurs, de nombreuses entreprises \u00e9prouvent des difficult\u00e9s \u00e0 trouver des employ\u00e9s qualifi\u00e9s. En offrant des opportunit\u00e9s d'emploi aux retrait\u00e9s, les entreprises peuvent pallier ces p\u00e9nuries et maintenir leur comp\u00e9titivit\u00e9 sur le march\u00e9.<\/p>\n\n\n\n<p><br><br>En conclusion, les r\u00e9centes r\u00e9formes l\u00e9gislatives en Belgique, qui ouvrent la voie \u00e0 davantage d'opportunit\u00e9s pour les retrait\u00e9s sur le march\u00e9 du travail, constituent une \u00e9volution positive. Non seulement cela permet aux retrait\u00e9s de continuer \u00e0 contribuer \u00e0 la soci\u00e9t\u00e9 de mani\u00e8re significative, mais cela offre \u00e9galement des avantages tangibles aux entreprises et \u00e0 l'\u00e9conomie dans son ensemble. En encourageant l'emploi des retrait\u00e9s, les pays \u00e9voluent vers une soci\u00e9t\u00e9 plus inclusive et plus dynamique, o\u00f9 l'exp\u00e9rience et les connaissances des personnes \u00e2g\u00e9es sont pleinement valoris\u00e9es et utilis\u00e9es \u00e0 bon escient.<\/p>","protected":false},"excerpt":{"rendered":"<p>Many changes around the world ! Many countries has undertaken significant reforms to its labor legislation, particularly with regard to the employment of pensioners. These changes mark a turning point in the way society perceives post-retirement work, and open up new opportunities for retired workers and employers alike. One of the main changes brought about [&hellip;]<\/p>\n","protected":false},"author":1,"featured_media":9417,"comment_status":"closed","ping_status":"open","sticky":false,"template":"","format":"standard","meta":{"_seopress_robots_primary_cat":"","_seopress_titles_title":"","_seopress_titles_desc":"","_seopress_robots_index":"","_jetpack_memberships_contains_paid_content":false,"footnotes":""},"categories":[1],"tags":[],"class_list":["post-9408","post","type-post","status-publish","format-standard","has-post-thumbnail","hentry","category-enterprise"],"jetpack_featured_media_url":"https:\/\/yakajobs.com\/wp-content\/uploads\/2025\/09\/administration-business-management-scaled.jpg","jetpack_sharing_enabled":true,"_links":{"self":[{"href":"https:\/\/yakajobs.com\/fr\/wp-json\/wp\/v2\/posts\/9408","targetHints":{"allow":["GET"]}}],"collection":[{"href":"https:\/\/yakajobs.com\/fr\/wp-json\/wp\/v2\/posts"}],"about":[{"href":"https:\/\/yakajobs.com\/fr\/wp-json\/wp\/v2\/types\/post"}],"author":[{"embeddable":true,"href":"https:\/\/yakajobs.com\/fr\/wp-json\/wp\/v2\/users\/1"}],"replies":[{"embeddable":true,"href":"https:\/\/yakajobs.com\/fr\/wp-json\/wp\/v2\/comments?post=9408"}],"version-history":[{"count":1,"href":"https:\/\/yakajobs.com\/fr\/wp-json\/wp\/v2\/posts\/9408\/revisions"}],"predecessor-version":[{"id":9410,"href":"https:\/\/yakajobs.com\/fr\/wp-json\/wp\/v2\/posts\/9408\/revisions\/9410"}],"wp:featuredmedia":[{"embeddable":true,"href":"https:\/\/yakajobs.com\/fr\/wp-json\/wp\/v2\/media\/9417"}],"wp:attachment":[{"href":"https:\/\/yakajobs.com\/fr\/wp-json\/wp\/v2\/media?parent=9408"}],"wp:term":[{"taxonomy":"category","embeddable":true,"href":"https:\/\/yakajobs.com\/fr\/wp-json\/wp\/v2\/categories?post=9408"},{"taxonomy":"post_tag","embeddable":true,"href":"https:\/\/yakajobs.com\/fr\/wp-json\/wp\/v2\/tags?post=9408"}],"curies":[{"name":"wp","href":"https:\/\/api.w.org\/{rel}","templated":true}]}}