{"id":9411,"date":"2025-09-03T13:28:40","date_gmt":"2025-09-03T13:28:40","guid":{"rendered":"https:\/\/bd.karachifurniture.com\/?p=9411"},"modified":"2025-09-03T13:37:10","modified_gmt":"2025-09-03T13:37:10","slug":"retirement-age-and-conditions-from-2024-in-belgium","status":"publish","type":"post","link":"https:\/\/yakajobs.com\/fr\/retirement-age-and-conditions-from-2024-in-belgium\/","title":{"rendered":"\u00c2ge et conditions de d\u00e9part \u00e0 la retraite \u00e0 partir de 2024 en Belgique"},"content":{"rendered":"<p><strong>Nouvelles normes depuis 2024<\/strong><\/p>\n\n\n\n<p>En Belgique, l'\u00e2ge de la retraite et les conditions pour b\u00e9n\u00e9ficier d'une pension ont \u00e9volu\u00e9 au fil des ans, refl\u00e9tant les changements d\u00e9mographiques et \u00e9conomiques du pays. Depuis 2024, de nouvelles r\u00e8gles ont \u00e9t\u00e9 mises en place, modifiant les crit\u00e8res d'\u00e9ligibilit\u00e9 \u00e0 la retraite et les conditions pour b\u00e9n\u00e9ficier d'une pension compl\u00e8te.<\/p>\n\n\n\n<p>Conform\u00e9ment \u00e0 la r\u00e9forme 2024, l'\u00e2ge l\u00e9gal de la retraite en Belgique d\u00e9pend d\u00e9sormais d'un certain nombre de facteurs, dont le r\u00e9gime de pension auquel l'individu est affili\u00e9 et son parcours professionnel. En g\u00e9n\u00e9ral, l'\u00e2ge de la retraite varie entre 65 et 67 ans, mais il est important de consulter les informations propres \u00e0 chaque r\u00e9gime de pension pour conna\u00eetre les d\u00e9tails exacts.<\/p>\n\n\n\n<p>Toutefois, il est essentiel de noter que les travailleurs peuvent choisir de prendre une retraite anticip\u00e9e \u00e0 partir d'un certain \u00e2ge, bien que cela puisse entra\u00eener des r\u00e9ductions de pension. Les possibilit\u00e9s de retraite anticip\u00e9e varient \u00e9galement en fonction de la carri\u00e8re professionnelle de l'individu et des r\u00e9gimes de pension auxquels il est affili\u00e9.<\/p>\n\n\n\n<p><strong>Conditions pour b\u00e9n\u00e9ficier d'une pension en Belgique<\/strong><br>Points importants \u00e0 conna\u00eetre :<\/p>\n\n\n\n<p>Outre l'\u00e2ge, les conditions pour b\u00e9n\u00e9ficier d'une pension en Belgique ont \u00e9galement \u00e9t\u00e9 adapt\u00e9es \u00e0 partir de 2024, en mettant davantage l'accent sur la dur\u00e9e de cotisation et les revenus professionnels ant\u00e9rieurs.<\/p>\n\n\n\n<p>Pour b\u00e9n\u00e9ficier d'une pension compl\u00e8te, les travailleurs doivent g\u00e9n\u00e9ralement avoir accumul\u00e9 un certain nombre d'ann\u00e9es de cotisation au cours de leur carri\u00e8re professionnelle. Ces ann\u00e9es de cotisation peuvent varier en fonction du r\u00e9gime de pension, mais elles sont essentielles pour garantir un niveau de pension ad\u00e9quat une fois \u00e0 la retraite.<\/p>\n\n\n\n<p>En outre, les r\u00e9formes 2024 ont introduit des mesures visant \u00e0 promouvoir l'allongement de la vie professionnelle et \u00e0 encourager les individus \u00e0 rester actifs sur le march\u00e9 du travail plus tard dans leur vie. Ces mesures comprennent des incitations financi\u00e8res pour ceux qui choisissent de travailler au-del\u00e0 de l'\u00e2ge l\u00e9gal de la retraite, ainsi que des options flexibles pour combiner progressivement travail et retraite.<\/p>\n\n\n\n<p>Pour plus d'informations sur les r\u00e9gimes de pension en Belgique et les conditions propres \u00e0 chaque r\u00e9gime, veuillez consulter le site web de l'Office National des Pensions : https :&nbsp;<a href=\"https:\/\/www.sfpd.fgov.be\/fr\">\/\/www.sfpd.fgov.be\/fr<\/a><\/p>","protected":false},"excerpt":{"rendered":"<p>New Standards since 2024 In Belgium, the retirement age and conditions for receiving a pension have evolved over the years, reflecting the country\u2019s demographic and economic changes. Since 2024, new rules have been in place, modifying the criteria for retirement eligibility and the conditions for receiving a full pension. In line with the 2024 reforms, [&hellip;]<\/p>\n","protected":false},"author":1,"featured_media":9418,"comment_status":"closed","ping_status":"open","sticky":false,"template":"","format":"standard","meta":{"_seopress_robots_primary_cat":"","_seopress_titles_title":"","_seopress_titles_desc":"","_seopress_robots_index":"","_jetpack_memberships_contains_paid_content":false,"footnotes":""},"categories":[139],"tags":[],"class_list":["post-9411","post","type-post","status-publish","format-standard","has-post-thumbnail","hentry","category-retirement"],"jetpack_featured_media_url":"https:\/\/yakajobs.com\/wp-content\/uploads\/2025\/09\/administration-business-management-1-scaled.jpg","jetpack_sharing_enabled":true,"_links":{"self":[{"href":"https:\/\/yakajobs.com\/fr\/wp-json\/wp\/v2\/posts\/9411","targetHints":{"allow":["GET"]}}],"collection":[{"href":"https:\/\/yakajobs.com\/fr\/wp-json\/wp\/v2\/posts"}],"about":[{"href":"https:\/\/yakajobs.com\/fr\/wp-json\/wp\/v2\/types\/post"}],"author":[{"embeddable":true,"href":"https:\/\/yakajobs.com\/fr\/wp-json\/wp\/v2\/users\/1"}],"replies":[{"embeddable":true,"href":"https:\/\/yakajobs.com\/fr\/wp-json\/wp\/v2\/comments?post=9411"}],"version-history":[{"count":1,"href":"https:\/\/yakajobs.com\/fr\/wp-json\/wp\/v2\/posts\/9411\/revisions"}],"predecessor-version":[{"id":9413,"href":"https:\/\/yakajobs.com\/fr\/wp-json\/wp\/v2\/posts\/9411\/revisions\/9413"}],"wp:featuredmedia":[{"embeddable":true,"href":"https:\/\/yakajobs.com\/fr\/wp-json\/wp\/v2\/media\/9418"}],"wp:attachment":[{"href":"https:\/\/yakajobs.com\/fr\/wp-json\/wp\/v2\/media?parent=9411"}],"wp:term":[{"taxonomy":"category","embeddable":true,"href":"https:\/\/yakajobs.com\/fr\/wp-json\/wp\/v2\/categories?post=9411"},{"taxonomy":"post_tag","embeddable":true,"href":"https:\/\/yakajobs.com\/fr\/wp-json\/wp\/v2\/tags?post=9411"}],"curies":[{"name":"wp","href":"https:\/\/api.w.org\/{rel}","templated":true}]}}